{"id":966,"date":"2024-08-30T16:33:00","date_gmt":"2024-08-30T13:33:00","guid":{"rendered":"https:\/\/meritie.sivustamo.dev\/okategoriserad\/avtal-om-trafikering-pa-aland-pa-rutten-enklinge-kumlinge\/"},"modified":"2025-02-10T08:56:15","modified_gmt":"2025-02-10T06:56:15","slug":"avtal-om-trafikering-pa-aland-pa-rutten-enklinge-kumlinge","status":"publish","type":"post","link":"https:\/\/meritie.fi\/sv\/aktuellt\/avtal-om-trafikering-pa-aland-pa-rutten-enklinge-kumlinge\/","title":{"rendered":"Avtal om trafikering p\u00e5 \u00c5land p\u00e5 rutten Enklinge-Kumlinge."},"content":{"rendered":"\n<p>Avtal om f\u00f6rbindelsetrafik p\u00e5 \u00c5land har gjorts med \u00c5lands landskapsregering.<br>F\u00f6rbindelsetrafiken med M\/S Sanna b\u00f6rjar p\u00e5 v\u00e5ren 2025 p\u00e5 rutten Enklinge-Kumlinge.<\/p>\n\n\n\n<figure class=\"wp-block-embed is-type-wp-embed is-provider-nya-land wp-block-embed-nya-land\"><div class=\"wp-block-embed__wrapper\">\n<blockquote class=\"wp-embedded-content\" data-secret=\"GfqxREXMiY\"><a href=\"https:\/\/www.nyan.ax\/nyheter\/finskt-bolag-till-enklinge-kumlinge-linjen\/\">Finskt bolag till Enklinge\u2013Kumlinge-linjen<\/a><\/blockquote><iframe class=\"wp-embedded-content\" sandbox=\"allow-scripts\" security=\"restricted\" style=\"position: absolute; visibility: hidden;\" title=\"&#8221;Finskt bolag till Enklinge\u2013Kumlinge-linjen&#8221; &#8212; Nya \u00c5land\" src=\"https:\/\/www.nyan.ax\/nyheter\/finskt-bolag-till-enklinge-kumlinge-linjen\/embed\/#?secret=GfqxREXMiY\" data-secret=\"GfqxREXMiY\" width=\"600\" height=\"338\" frameborder=\"0\" marginwidth=\"0\" marginheight=\"0\" scrolling=\"no\"><\/iframe>\n<\/div><\/figure>\n","protected":false},"excerpt":{"rendered":"<p>Avtal om f\u00f6rbindelsetrafik p\u00e5 \u00c5land har gjorts med \u00c5lands landskapsregering.F\u00f6rbindelsetrafiken med M\/S Sanna b\u00f6rjar p\u00e5 v\u00e5ren 2025 p\u00e5 rutten Enklinge-Kumlinge.<\/p>\n","protected":false},"author":1,"featured_media":0,"comment_status":"closed","ping_status":"closed","sticky":false,"template":"","format":"standard","meta":{"footnotes":""},"categories":[24],"tags":[],"class_list":["post-966","post","type-post","status-publish","format-standard","hentry","category-aktuellt"],"yoast_head":"<!-- This site is optimized with the Yoast SEO plugin v27.4 - https:\/\/yoast.com\/product\/yoast-seo-wordpress\/ -->\n<title>Avtal om trafikering p\u00e5 \u00c5land p\u00e5 rutten Enklinge-Kumlinge. - Saariston Meritie<\/title>\n<meta name=\"robots\" content=\"index, follow, max-snippet:-1, max-image-preview:large, max-video-preview:-1\" \/>\n<link rel=\"canonical\" href=\"https:\/\/meritie.fi\/sv\/aktuellt\/avtal-om-trafikering-pa-aland-pa-rutten-enklinge-kumlinge\/\" \/>\n<meta property=\"og:locale\" content=\"sv_SE\" \/>\n<meta property=\"og:type\" content=\"article\" \/>\n<meta property=\"og:title\" content=\"Avtal om trafikering p\u00e5 \u00c5land p\u00e5 rutten Enklinge-Kumlinge. - Saariston Meritie\" \/>\n<meta property=\"og:description\" content=\"Avtal om f\u00f6rbindelsetrafik p\u00e5 \u00c5land har gjorts med \u00c5lands landskapsregering.F\u00f6rbindelsetrafiken med M\/S Sanna b\u00f6rjar p\u00e5 v\u00e5ren 2025 p\u00e5 rutten Enklinge-Kumlinge.\" \/>\n<meta property=\"og:url\" content=\"https:\/\/meritie.fi\/sv\/aktuellt\/avtal-om-trafikering-pa-aland-pa-rutten-enklinge-kumlinge\/\" \/>\n<meta property=\"og:site_name\" content=\"Saariston Meritie\" \/>\n<meta property=\"article:published_time\" content=\"2024-08-30T13:33:00+00:00\" \/>\n<meta property=\"article:modified_time\" content=\"2025-02-10T06:56:15+00:00\" \/>\n<meta property=\"og:image\" content=\"https:\/\/meritie.fi\/wp-content\/uploads\/2024\/09\/meritie_hero.jpg\" \/>\n\t<meta property=\"og:image:width\" content=\"1529\" \/>\n\t<meta property=\"og:image:height\" content=\"860\" \/>\n\t<meta property=\"og:image:type\" content=\"image\/jpeg\" \/>\n<meta name=\"author\" content=\"admin\" \/>\n<meta name=\"twitter:card\" content=\"summary_large_image\" \/>\n<meta name=\"twitter:label1\" content=\"Skriven av\" \/>\n\t<meta name=\"twitter:data1\" content=\"admin\" \/>\n\t<meta name=\"twitter:label2\" content=\"Ber\u00e4knad l\u00e4stid\" \/>\n\t<meta name=\"twitter:data2\" content=\"1 minut\" \/>\n<script type=\"application\/ld+json\" class=\"yoast-schema-graph\">{\"@context\":\"https:\\\/\\\/schema.org\",\"@graph\":[{\"@type\":\"Article\",\"@id\":\"https:\\\/\\\/meritie.fi\\\/sv\\\/aktuellt\\\/avtal-om-trafikering-pa-aland-pa-rutten-enklinge-kumlinge\\\/#article\",\"isPartOf\":{\"@id\":\"https:\\\/\\\/meritie.fi\\\/sv\\\/aktuellt\\\/avtal-om-trafikering-pa-aland-pa-rutten-enklinge-kumlinge\\\/\"},\"author\":{\"name\":\"admin\",\"@id\":\"https:\\\/\\\/meritie.fi\\\/sv\\\/#\\\/schema\\\/person\\\/52b2dcb542ecb4c3b532433b7020ed4c\"},\"headline\":\"Avtal om trafikering p\u00e5 \u00c5land p\u00e5 rutten Enklinge-Kumlinge.\",\"datePublished\":\"2024-08-30T13:33:00+00:00\",\"dateModified\":\"2025-02-10T06:56:15+00:00\",\"mainEntityOfPage\":{\"@id\":\"https:\\\/\\\/meritie.fi\\\/sv\\\/aktuellt\\\/avtal-om-trafikering-pa-aland-pa-rutten-enklinge-kumlinge\\\/\"},\"wordCount\":39,\"publisher\":{\"@id\":\"https:\\\/\\\/meritie.fi\\\/sv\\\/#organization\"},\"articleSection\":[\"Aktuellt\"],\"inLanguage\":\"sv-SE\"},{\"@type\":\"WebPage\",\"@id\":\"https:\\\/\\\/meritie.fi\\\/sv\\\/aktuellt\\\/avtal-om-trafikering-pa-aland-pa-rutten-enklinge-kumlinge\\\/\",\"url\":\"https:\\\/\\\/meritie.fi\\\/sv\\\/aktuellt\\\/avtal-om-trafikering-pa-aland-pa-rutten-enklinge-kumlinge\\\/\",\"name\":\"Avtal om trafikering p\u00e5 \u00c5land p\u00e5 rutten Enklinge-Kumlinge. - Saariston Meritie\",\"isPartOf\":{\"@id\":\"https:\\\/\\\/meritie.fi\\\/sv\\\/#website\"},\"datePublished\":\"2024-08-30T13:33:00+00:00\",\"dateModified\":\"2025-02-10T06:56:15+00:00\",\"breadcrumb\":{\"@id\":\"https:\\\/\\\/meritie.fi\\\/sv\\\/aktuellt\\\/avtal-om-trafikering-pa-aland-pa-rutten-enklinge-kumlinge\\\/#breadcrumb\"},\"inLanguage\":\"sv-SE\",\"potentialAction\":[{\"@type\":\"ReadAction\",\"target\":[\"https:\\\/\\\/meritie.fi\\\/sv\\\/aktuellt\\\/avtal-om-trafikering-pa-aland-pa-rutten-enklinge-kumlinge\\\/\"]}]},{\"@type\":\"BreadcrumbList\",\"@id\":\"https:\\\/\\\/meritie.fi\\\/sv\\\/aktuellt\\\/avtal-om-trafikering-pa-aland-pa-rutten-enklinge-kumlinge\\\/#breadcrumb\",\"itemListElement\":[{\"@type\":\"ListItem\",\"position\":1,\"name\":\"Etusivu\",\"item\":\"https:\\\/\\\/meritie.fi\\\/sv\\\/\"},{\"@type\":\"ListItem\",\"position\":2,\"name\":\"Avtal om trafikering p\u00e5 \u00c5land p\u00e5 rutten Enklinge-Kumlinge.\"}]},{\"@type\":\"WebSite\",\"@id\":\"https:\\\/\\\/meritie.fi\\\/sv\\\/#website\",\"url\":\"https:\\\/\\\/meritie.fi\\\/sv\\\/\",\"name\":\"Saariston Meritie Oy\",\"description\":\"Merenkulun moniosaaja\",\"publisher\":{\"@id\":\"https:\\\/\\\/meritie.fi\\\/sv\\\/#organization\"},\"potentialAction\":[{\"@type\":\"SearchAction\",\"target\":{\"@type\":\"EntryPoint\",\"urlTemplate\":\"https:\\\/\\\/meritie.fi\\\/sv\\\/?s={search_term_string}\"},\"query-input\":{\"@type\":\"PropertyValueSpecification\",\"valueRequired\":true,\"valueName\":\"search_term_string\"}}],\"inLanguage\":\"sv-SE\"},{\"@type\":\"Organization\",\"@id\":\"https:\\\/\\\/meritie.fi\\\/sv\\\/#organization\",\"name\":\"Saariston Meritie Oy\",\"url\":\"https:\\\/\\\/meritie.fi\\\/sv\\\/\",\"logo\":{\"@type\":\"ImageObject\",\"inLanguage\":\"sv-SE\",\"@id\":\"https:\\\/\\\/meritie.fi\\\/sv\\\/#\\\/schema\\\/logo\\\/image\\\/\",\"url\":\"https:\\\/\\\/meritie.fi\\\/wp-content\\\/uploads\\\/2022\\\/02\\\/meritie_logo.svg\",\"contentUrl\":\"https:\\\/\\\/meritie.fi\\\/wp-content\\\/uploads\\\/2022\\\/02\\\/meritie_logo.svg\",\"width\":300.886,\"height\":69.539,\"caption\":\"Saariston Meritie Oy\"},\"image\":{\"@id\":\"https:\\\/\\\/meritie.fi\\\/sv\\\/#\\\/schema\\\/logo\\\/image\\\/\"}},{\"@type\":\"Person\",\"@id\":\"https:\\\/\\\/meritie.fi\\\/sv\\\/#\\\/schema\\\/person\\\/52b2dcb542ecb4c3b532433b7020ed4c\",\"name\":\"admin\",\"image\":{\"@type\":\"ImageObject\",\"inLanguage\":\"sv-SE\",\"@id\":\"https:\\\/\\\/secure.gravatar.com\\\/avatar\\\/9320de6094211b386637b12943cc015ce4b2df33bce7ab162c8dd9653f2507aa?s=96&d=mm&r=g\",\"url\":\"https:\\\/\\\/secure.gravatar.com\\\/avatar\\\/9320de6094211b386637b12943cc015ce4b2df33bce7ab162c8dd9653f2507aa?s=96&d=mm&r=g\",\"contentUrl\":\"https:\\\/\\\/secure.gravatar.com\\\/avatar\\\/9320de6094211b386637b12943cc015ce4b2df33bce7ab162c8dd9653f2507aa?s=96&d=mm&r=g\",\"caption\":\"admin\"},\"sameAs\":[\"https:\\\/\\\/hellopohja.sivustamo.com\"]}]}<\/script>\n<!-- \/ Yoast SEO plugin. -->","yoast_head_json":{"title":"Avtal om trafikering p\u00e5 \u00c5land p\u00e5 rutten Enklinge-Kumlinge. - Saariston Meritie","robots":{"index":"index","follow":"follow","max-snippet":"max-snippet:-1","max-image-preview":"max-image-preview:large","max-video-preview":"max-video-preview:-1"},"canonical":"https:\/\/meritie.fi\/sv\/aktuellt\/avtal-om-trafikering-pa-aland-pa-rutten-enklinge-kumlinge\/","og_locale":"sv_SE","og_type":"article","og_title":"Avtal om trafikering p\u00e5 \u00c5land p\u00e5 rutten Enklinge-Kumlinge. - Saariston Meritie","og_description":"Avtal om f\u00f6rbindelsetrafik p\u00e5 \u00c5land har gjorts med \u00c5lands landskapsregering.F\u00f6rbindelsetrafiken med M\/S Sanna b\u00f6rjar p\u00e5 v\u00e5ren 2025 p\u00e5 rutten Enklinge-Kumlinge.","og_url":"https:\/\/meritie.fi\/sv\/aktuellt\/avtal-om-trafikering-pa-aland-pa-rutten-enklinge-kumlinge\/","og_site_name":"Saariston Meritie","article_published_time":"2024-08-30T13:33:00+00:00","article_modified_time":"2025-02-10T06:56:15+00:00","og_image":[{"width":1529,"height":860,"url":"https:\/\/meritie.fi\/wp-content\/uploads\/2024\/09\/meritie_hero.jpg","type":"image\/jpeg"}],"author":"admin","twitter_card":"summary_large_image","twitter_misc":{"Skriven av":"admin","Ber\u00e4knad l\u00e4stid":"1 minut"},"schema":{"@context":"https:\/\/schema.org","@graph":[{"@type":"Article","@id":"https:\/\/meritie.fi\/sv\/aktuellt\/avtal-om-trafikering-pa-aland-pa-rutten-enklinge-kumlinge\/#article","isPartOf":{"@id":"https:\/\/meritie.fi\/sv\/aktuellt\/avtal-om-trafikering-pa-aland-pa-rutten-enklinge-kumlinge\/"},"author":{"name":"admin","@id":"https:\/\/meritie.fi\/sv\/#\/schema\/person\/52b2dcb542ecb4c3b532433b7020ed4c"},"headline":"Avtal om trafikering p\u00e5 \u00c5land p\u00e5 rutten Enklinge-Kumlinge.","datePublished":"2024-08-30T13:33:00+00:00","dateModified":"2025-02-10T06:56:15+00:00","mainEntityOfPage":{"@id":"https:\/\/meritie.fi\/sv\/aktuellt\/avtal-om-trafikering-pa-aland-pa-rutten-enklinge-kumlinge\/"},"wordCount":39,"publisher":{"@id":"https:\/\/meritie.fi\/sv\/#organization"},"articleSection":["Aktuellt"],"inLanguage":"sv-SE"},{"@type":"WebPage","@id":"https:\/\/meritie.fi\/sv\/aktuellt\/avtal-om-trafikering-pa-aland-pa-rutten-enklinge-kumlinge\/","url":"https:\/\/meritie.fi\/sv\/aktuellt\/avtal-om-trafikering-pa-aland-pa-rutten-enklinge-kumlinge\/","name":"Avtal om trafikering p\u00e5 \u00c5land p\u00e5 rutten Enklinge-Kumlinge. - Saariston Meritie","isPartOf":{"@id":"https:\/\/meritie.fi\/sv\/#website"},"datePublished":"2024-08-30T13:33:00+00:00","dateModified":"2025-02-10T06:56:15+00:00","breadcrumb":{"@id":"https:\/\/meritie.fi\/sv\/aktuellt\/avtal-om-trafikering-pa-aland-pa-rutten-enklinge-kumlinge\/#breadcrumb"},"inLanguage":"sv-SE","potentialAction":[{"@type":"ReadAction","target":["https:\/\/meritie.fi\/sv\/aktuellt\/avtal-om-trafikering-pa-aland-pa-rutten-enklinge-kumlinge\/"]}]},{"@type":"BreadcrumbList","@id":"https:\/\/meritie.fi\/sv\/aktuellt\/avtal-om-trafikering-pa-aland-pa-rutten-enklinge-kumlinge\/#breadcrumb","itemListElement":[{"@type":"ListItem","position":1,"name":"Etusivu","item":"https:\/\/meritie.fi\/sv\/"},{"@type":"ListItem","position":2,"name":"Avtal om trafikering p\u00e5 \u00c5land p\u00e5 rutten Enklinge-Kumlinge."}]},{"@type":"WebSite","@id":"https:\/\/meritie.fi\/sv\/#website","url":"https:\/\/meritie.fi\/sv\/","name":"Saariston Meritie Oy","description":"Merenkulun moniosaaja","publisher":{"@id":"https:\/\/meritie.fi\/sv\/#organization"},"potentialAction":[{"@type":"SearchAction","target":{"@type":"EntryPoint","urlTemplate":"https:\/\/meritie.fi\/sv\/?s={search_term_string}"},"query-input":{"@type":"PropertyValueSpecification","valueRequired":true,"valueName":"search_term_string"}}],"inLanguage":"sv-SE"},{"@type":"Organization","@id":"https:\/\/meritie.fi\/sv\/#organization","name":"Saariston Meritie Oy","url":"https:\/\/meritie.fi\/sv\/","logo":{"@type":"ImageObject","inLanguage":"sv-SE","@id":"https:\/\/meritie.fi\/sv\/#\/schema\/logo\/image\/","url":"https:\/\/meritie.fi\/wp-content\/uploads\/2022\/02\/meritie_logo.svg","contentUrl":"https:\/\/meritie.fi\/wp-content\/uploads\/2022\/02\/meritie_logo.svg","width":300.886,"height":69.539,"caption":"Saariston Meritie Oy"},"image":{"@id":"https:\/\/meritie.fi\/sv\/#\/schema\/logo\/image\/"}},{"@type":"Person","@id":"https:\/\/meritie.fi\/sv\/#\/schema\/person\/52b2dcb542ecb4c3b532433b7020ed4c","name":"admin","image":{"@type":"ImageObject","inLanguage":"sv-SE","@id":"https:\/\/secure.gravatar.com\/avatar\/9320de6094211b386637b12943cc015ce4b2df33bce7ab162c8dd9653f2507aa?s=96&d=mm&r=g","url":"https:\/\/secure.gravatar.com\/avatar\/9320de6094211b386637b12943cc015ce4b2df33bce7ab162c8dd9653f2507aa?s=96&d=mm&r=g","contentUrl":"https:\/\/secure.gravatar.com\/avatar\/9320de6094211b386637b12943cc015ce4b2df33bce7ab162c8dd9653f2507aa?s=96&d=mm&r=g","caption":"admin"},"sameAs":["https:\/\/hellopohja.sivustamo.com"]}]}},"_links":{"self":[{"href":"https:\/\/meritie.fi\/sv\/wp-json\/wp\/v2\/posts\/966","targetHints":{"allow":["GET"]}}],"collection":[{"href":"https:\/\/meritie.fi\/sv\/wp-json\/wp\/v2\/posts"}],"about":[{"href":"https:\/\/meritie.fi\/sv\/wp-json\/wp\/v2\/types\/post"}],"author":[{"embeddable":true,"href":"https:\/\/meritie.fi\/sv\/wp-json\/wp\/v2\/users\/1"}],"replies":[{"embeddable":true,"href":"https:\/\/meritie.fi\/sv\/wp-json\/wp\/v2\/comments?post=966"}],"version-history":[{"count":2,"href":"https:\/\/meritie.fi\/sv\/wp-json\/wp\/v2\/posts\/966\/revisions"}],"predecessor-version":[{"id":1163,"href":"https:\/\/meritie.fi\/sv\/wp-json\/wp\/v2\/posts\/966\/revisions\/1163"}],"wp:attachment":[{"href":"https:\/\/meritie.fi\/sv\/wp-json\/wp\/v2\/media?parent=966"}],"wp:term":[{"taxonomy":"category","embeddable":true,"href":"https:\/\/meritie.fi\/sv\/wp-json\/wp\/v2\/categories?post=966"},{"taxonomy":"post_tag","embeddable":true,"href":"https:\/\/meritie.fi\/sv\/wp-json\/wp\/v2\/tags?post=966"}],"curies":[{"name":"wp","href":"https:\/\/api.w.org\/{rel}","templated":true}]}}